{"id":5288,"date":"2025-07-07T13:02:30","date_gmt":"2025-07-07T11:02:30","guid":{"rendered":"https:\/\/altes-maedchen.com\/?p=5288"},"modified":"2025-07-07T13:06:26","modified_gmt":"2025-07-07T11:06:26","slug":"hoffestival","status":"publish","type":"post","link":"https:\/\/altes-maedchen.com\/de\/hoffestival\/","title":{"rendered":"Hoffestival"},"content":{"rendered":"\t\t<div data-elementor-type=\"wp-post\" data-elementor-id=\"5288\" class=\"elementor elementor-5288\" data-elementor-post-type=\"post\">\n\t\t\t\t<div class=\"elementor-element elementor-element-d399002 e-flex e-con-boxed e-con e-parent\" data-id=\"d399002\" data-element_type=\"container\" data-e-type=\"container\">\n\t\t\t\t\t<div class=\"e-con-inner\">\n\t\t\t\t<div class=\"elementor-element elementor-element-7bad116e elementor-widget elementor-widget-text-editor\" data-id=\"7bad116e\" data-element_type=\"widget\" data-e-type=\"widget\" data-widget_type=\"text-editor.default\">\n\t\t\t\t<div class=\"elementor-widget-container\">\n\t\t\t\t\t\t\t\t\t\n<h3><strong>Hoffestival 2025\u00a0<br \/><\/strong><\/h3>\n<p><strong><br \/>18.07.2025<br \/>16:00-24:00 UHR<\/strong><\/p>\n<p><\/p>\n<p><strong>19.07.2025<br \/>14:00-24:00 UHR<\/strong><br \/><br \/><br \/>Auch in diesem Jahr feiern wir mit euch \u2013 bereits zum vierten Mal \u2013 das Ratsherrn Hoffestival! Wir freuen uns auf gute Stimmung, leckeres Bier, tolle Musik und ganz viele \u00dcberraschungen und Highlights.<br \/>Wir freuen uns auf euch. Cheers aus der Schanze!<\/p>\n\n<p>Euch erwartet ein abwechslungsreiches musikalisches Line-Up von lokalen DJs und Liveacts:<\/p>\n\n<p><em>Freitag, 18.07.:<\/em><\/p>\n\n<p>16:00-18:00 Uhr: TWO OF YOU<br \/>18:00-24:00 Uhr: everso<\/p>\n\n<p><em>Samstag, 19.07.:<\/em><\/p>\n\n<p>14:00-16:00 Uhr: Dizzy &amp; Lance<br \/>16:00-18:00 Uhr: MilleMode<br \/>18:00-21:00 Uhr: Lean Ripke<br \/>21:00-24:00 Uhr: DEEPAFRIQUE<\/p>\n\n<p>Der Ratsherrn Store ist am Freitag w\u00e4hrend des Hoffestivals von 12:00 bis 15:00 Uhr ge\u00f6ffnet. Ab 15:00 Uhr sowie den gesamten Samstag bleibt der Store geschlossen. Merchandise und Gl\u00e4ser k\u00f6nnt ihr bis 20:00 Uhr in der Ratsherrn Diele erwerben.<\/p>\n\n<p>Wir freuen uns auf euch. Cheers aus der Schanze!<\/p>\n\n<h6 class=\"wp-block-heading\">FREIER EINTRITT<\/h6>\n\t\t\t\t\t\t\t\t<\/div>\n\t\t\t\t<\/div>\n\t\t\t\t\t<\/div>\n\t\t\t\t<\/div>\n\t\t\t\t<\/div>\n\t\t","protected":false},"excerpt":{"rendered":"<p>Auch in diesem Jahr feiern wir mit euch \u2013 bereits zum vierten Mal \u2013 das Ratsherrn Hoffestival! Wir freuen uns auf gute Stimmung, leckeres Bier, tolle Musik und ganz viele \u00dcberraschungen und Highlights.<br \/>\nWir freuen uns auf euch. Cheers aus der Schanze!<\/p>\n","protected":false},"author":4,"featured_media":0,"comment_status":"open","ping_status":"closed","sticky":false,"template":"","format":"standard","meta":{"footnotes":""},"categories":[17],"tags":[],"class_list":["post-5288","post","type-post","status-publish","format-standard","hentry","category-events"],"_links":{"self":[{"href":"https:\/\/altes-maedchen.com\/de\/wp-json\/wp\/v2\/posts\/5288","targetHints":{"allow":["GET"]}}],"collection":[{"href":"https:\/\/altes-maedchen.com\/de\/wp-json\/wp\/v2\/posts"}],"about":[{"href":"https:\/\/altes-maedchen.com\/de\/wp-json\/wp\/v2\/types\/post"}],"author":[{"embeddable":true,"href":"https:\/\/altes-maedchen.com\/de\/wp-json\/wp\/v2\/users\/4"}],"replies":[{"embeddable":true,"href":"https:\/\/altes-maedchen.com\/de\/wp-json\/wp\/v2\/comments?post=5288"}],"version-history":[{"count":7,"href":"https:\/\/altes-maedchen.com\/de\/wp-json\/wp\/v2\/posts\/5288\/revisions"}],"predecessor-version":[{"id":5295,"href":"https:\/\/altes-maedchen.com\/de\/wp-json\/wp\/v2\/posts\/5288\/revisions\/5295"}],"wp:attachment":[{"href":"https:\/\/altes-maedchen.com\/de\/wp-json\/wp\/v2\/media?parent=5288"}],"wp:term":[{"taxonomy":"category","embeddable":true,"href":"https:\/\/altes-maedchen.com\/de\/wp-json\/wp\/v2\/categories?post=5288"},{"taxonomy":"post_tag","embeddable":true,"href":"https:\/\/altes-maedchen.com\/de\/wp-json\/wp\/v2\/tags?post=5288"}],"curies":[{"name":"wp","href":"https:\/\/api.w.org\/{rel}","templated":true}]}}